{"id":107,"date":"2007-12-13T16:04:21","date_gmt":"2007-12-13T16:04:21","guid":{"rendered":"http:\/\/sehr.org\/?p=107"},"modified":"2018-06-01T16:06:01","modified_gmt":"2018-06-01T16:06:01","slug":"club-2-oder-warum-der-orf-nichts-richtig-machen-kann","status":"publish","type":"post","link":"https:\/\/sehr.org\/?p=107","title":{"rendered":"Club 2 &#8211; oder warum der ORF nichts richtig machen kann"},"content":{"rendered":"<p>13.12.2007 | Wien<\/p>\n<p>Die Angst war gro\u00df. Wird der ORF den neuen Club 2 verhauen? Wird der neue Club 2 eine Qualit\u00e4t haben wie <i>Mitten im 8en<\/i>? Wird es eine Kindergartendiskussion mit v\u00f6llig belanglosen, faden G\u00e4sten? Wird Mirjam Weichselbraun moderieren?<\/p>\n<p>Und dann pl\u00f6tzlich, im Laufe des Abends wurden Dinge versprochen. Rudolf Nagiller, Open End. Und die Nervosit\u00e4t sank etwas. Kurz vor der Sendung stieg sie dann wieder.<\/p>\n<p>Dann ging es aber los. Nach einer kurzen Einf\u00fchrung, einer kurzen R\u00fcckblende war der Club sofort wieder da. Eine interessante, teilweise recht leidenschaftliche Diskussion \u00fcber ein nicht einfaches Thema war sofort gegeben. Von 0 auf 100. Toll!<\/p>\n<p>Und dann &#8211; ganz pl\u00f6tzlich &#8211; um 0.00 Uhr hie\u00df es: &#8222;Wir haben nur noch ca. 10 Minuten.&#8220; Und sofort war es wieder da, dieses &#8222;Schei\u00df-ORF&#8220;-Gef\u00fchl. Da\u00df die Versprechen niemals eingehalten werden. Da\u00df Werbung und Seinfeld mal wieder wichtiger sind. VERDAMMT NOCHEINMAL! Schei\u00df ORF.<\/p>\n<p>Jeder, dem das auch furchtbar auf die Nerven geht, m\u00f6ge vielleicht <a href=\"http:\/\/www.club2openend.at\/\" target=\"_blank\" rel=\"noopener\">hier unterschreiben<\/a>!<\/p>\n","protected":false},"excerpt":{"rendered":"<p>13.12.2007 | Wien Die Angst war gro\u00df. Wird der ORF den neuen Club 2 verhauen? Wird der neue Club 2 eine Qualit\u00e4t haben wie Mitten im 8en? Wird es eine Kindergartendiskussion mit v\u00f6llig belanglosen, faden G\u00e4sten? Wird Mirjam Weichselbraun moderieren? Und dann pl\u00f6tzlich, im Laufe des Abends wurden Dinge versprochen. Rudolf Nagiller, Open End. Und [&hellip;]<\/p>\n","protected":false},"author":1,"featured_media":0,"comment_status":"closed","ping_status":"closed","sticky":false,"template":"","format":"standard","meta":{"jetpack_post_was_ever_published":false,"_jetpack_newsletter_access":"","_jetpack_dont_email_post_to_subs":false,"_jetpack_newsletter_tier_id":0,"_jetpack_memberships_contains_paywalled_content":false,"_jetpack_memberships_contains_paid_content":false,"footnotes":"","jetpack_publicize_message":"","jetpack_publicize_feature_enabled":true,"jetpack_social_post_already_shared":false,"jetpack_social_options":{"image_generator_settings":{"template":"highway","default_image_id":0,"font":"","enabled":false},"version":2}},"categories":[4],"tags":[],"class_list":["post-107","post","type-post","status-publish","format-standard","hentry","category-medien"],"jetpack_publicize_connections":[],"jetpack_featured_media_url":"","jetpack_sharing_enabled":true,"jetpack_shortlink":"https:\/\/wp.me\/pa4dVd-1J","_links":{"self":[{"href":"https:\/\/sehr.org\/index.php?rest_route=\/wp\/v2\/posts\/107","targetHints":{"allow":["GET"]}}],"collection":[{"href":"https:\/\/sehr.org\/index.php?rest_route=\/wp\/v2\/posts"}],"about":[{"href":"https:\/\/sehr.org\/index.php?rest_route=\/wp\/v2\/types\/post"}],"author":[{"embeddable":true,"href":"https:\/\/sehr.org\/index.php?rest_route=\/wp\/v2\/users\/1"}],"replies":[{"embeddable":true,"href":"https:\/\/sehr.org\/index.php?rest_route=%2Fwp%2Fv2%2Fcomments&post=107"}],"version-history":[{"count":1,"href":"https:\/\/sehr.org\/index.php?rest_route=\/wp\/v2\/posts\/107\/revisions"}],"predecessor-version":[{"id":108,"href":"https:\/\/sehr.org\/index.php?rest_route=\/wp\/v2\/posts\/107\/revisions\/108"}],"wp:attachment":[{"href":"https:\/\/sehr.org\/index.php?rest_route=%2Fwp%2Fv2%2Fmedia&parent=107"}],"wp:term":[{"taxonomy":"category","embeddable":true,"href":"https:\/\/sehr.org\/index.php?rest_route=%2Fwp%2Fv2%2Fcategories&post=107"},{"taxonomy":"post_tag","embeddable":true,"href":"https:\/\/sehr.org\/index.php?rest_route=%2Fwp%2Fv2%2Ftags&post=107"}],"curies":[{"name":"wp","href":"https:\/\/api.w.org\/{rel}","templated":true}]}}