{"id":175,"date":"2019-05-20T18:17:08","date_gmt":"2019-05-20T16:17:08","guid":{"rendered":"http:\/\/sehr.org\/?p=175"},"modified":"2019-05-20T18:31:51","modified_gmt":"2019-05-20T16:31:51","slug":"eine-lanze-brechen-fuer-oe2","status":"publish","type":"post","link":"https:\/\/sehr.org\/?p=175","title":{"rendered":"Eine Lanze brechen f\u00fcr \u00d62"},"content":{"rendered":"\n<p>20.05.2019 &#8211; Wien:<\/p>\n\n\n\n<p>Als jemand, der noch die Zeiten von \u00d63 mitbekommen hat, als es sich bei diesem Programm noch um einen Radiosender &#8211; und nicht um eine Sendefl\u00e4che &#8211; handelte, ist man nat\u00fcrlich eher Zuh\u00f6rer als H\u00f6rer. \u00d63 Zickzack hat das Interesse geweckt, FM4 hat mich aufgezogen und in weiterer Folge spielte dann \u00d61 auch eine immer gr\u00f6\u00dfere Rolle. \u00d63 wurde seither nur mehr ganz selten geh\u00f6rt. Im Auto halt. Ich gebe zu, manchmal weicht man auch auf diverse Privatsender aus, wenn diese spezielle Musiksendungen senden. Aus beruflichen Gr\u00fcnden l\u00e4uft in der Arbeit Radio Wien (das ich aus Gr\u00fcnden jetzt nicht zu \u00d62 z\u00e4hle). Dennoch, man h\u00f6rt, was man halt so h\u00f6rt, was man gewohnt ist, eine Filterblase eben.<\/p>\n\n\n\n<h4 class=\"wp-block-heading\">Der b\u00f6se Automechaniker<\/h4>\n\n\n\n<p>Als dann eines Tages das KFZ nach der Reparatur wieder \u00fcbernommen wurde, musste festgestellt werden, dass es offenbar einen Reset des Systems gab, da alle Radiosender gel\u00f6scht waren. Daf\u00fcr war auf Position 3 &#8222;Radio Nieder\u00f6sterreich&#8220; eingespeichert. Nie und nimmer w\u00fcrde ich Radio Nieder\u00f6sterreich h\u00f6ren &#8211; aber viel nier und nimmerer w\u00fcrde ich auf der Autobahn w\u00e4hrend der Fahrt anfangen, Sender zu suchen, also blieb ich dabei. Bis ich daheim bin, werde ich das schon irgendwie aushalten.<\/p>\n\n\n\n<h4 class=\"wp-block-heading\">Die blaugelbe Pornowelle von Radio Nieder\u00f6sterreich<\/h4>\n\n\n\n<p>Was ich dann w\u00e4hrend der vierzigmin\u00fctigen Autofahrt erleben durfte, lie\u00df mich zun\u00e4chst verschlucken, dann staunen, dann singen. Begr\u00fc\u00dft wurde ich mit &#8211; no na &#8211; Schlager. <a rel=\"noreferrer noopener\" aria-label=\"Kristina Bach - Du gehst mir langsam unter die Haut (opens in a new tab)\" href=\"https:\/\/www.youtube.com\/watch?v=8SEkMq4vsWs\" target=\"_blank\">Kristina Bach &#8211; Du gehst mir langsam unter die Haut<\/a> &#8211; und vor allem die sich wiederholende Textzeile &#8222;&#8230;denn deine H\u00e4nde sind wie kleine Br\u00e4nde ganz tief in mir, ganz tief in mir&#8230;&#8220; sorgte f\u00fcr einen veritablen Verschluck- und Hustenanfall und ich glaube, ich wurde sogar etwas rot im Gesicht. Danach lief eine Nummer von Dean Martin, die mich so richtig bewusst werden lie\u00df, wie alt ich eigentlich schon bin und danach kam, welch Wahnsinn: <a rel=\"noreferrer noopener\" aria-label=\"Stefanie Werger! Stoak wia a Felsen (opens in a new tab)\" href=\"https:\/\/www.youtube.com\/watch?v=eP9m2k_5QKo\" target=\"_blank\">Stefanie Werger! Stoak wia a Felsen<\/a>. Und ich musste unweigerlich mitsingen. Unweigerlich! Und ich habe mir nicht einmal Gedanken dar\u00fcber gemacht, warum ich \u00fcberhaupt den Text kann. Den kann man halt einfach.<\/p>\n\n\n\n<h4 class=\"wp-block-heading\">Twitter, Sch\u00fcler<\/h4>\n\n\n\n<p>Sofort musste ich dieses Erlebnis auf Twitter posten, woraufhin ein User meinte: &#8222;Wir sollten alle viel \u00f6fter Radio Nieder\u00f6sterreich h\u00f6ren!&#8220; Dem wollte ich nachkommen. Ungef\u00e4hr zur selben Zeit wurde mir ein neuer Mitarbeiter als Sch\u00fcler zugeteilt. W\u00e4hrend einer Pause fragte er mich, ob es mich st\u00f6ren w\u00fcrde, wenn er sich einen Bauernsender einschalten w\u00fcrde. Meine Nachfrage, um welchen Sender es sich handeln w\u00fcrde, beantwortete er mit &#8222;Radio Nieder\u00f6sterreich&#8220;. Seltsamer Zufall. Wir sinnierten dann weiter \u00fcber den Sender und die Musik und ich begann daraufhin, den Sender immer wieder zu h\u00f6ren.<\/p>\n\n\n\n<h4 class=\"wp-block-heading\">Kindheitserinnerungen<\/h4>\n\n\n\n<p>Meine Mutter war von der ersten Sendeminute an H\u00f6rerin von \u00d63. Der Sender lief bei uns fast den ganzen Tag, was sie aber nicht mochte, war das Mittagsjournal (und Silly Solid Swound System, das ist aber jetzt nicht das Thema). Das Mittagsjournal war ja damals auf \u00d61 und \u00d63 durchgeschalten, also schaltete sie um 12 immer auf Radio Nieder\u00f6sterreich um. Und bei meiner fortschreitenden H\u00f6rdauer kamen mir die Erinnerungen zur\u00fcck ins Bewusstsein.<\/p>\n\n\n\n<h4 class=\"wp-block-heading\">Zw\u00f6lferl\u00e4uten<\/h4>\n\n\n\n<p>Mittagsglocken! Alter! Da kommen um Punkt 12 noch immer die Mittagsglocken! Nicht, dass ich jetzt sonderlich kirchenaffin w\u00e4re aber diese Sendung ist einfach genial. H\u00f6rt man beispielsweise die Glocken einer Kirche aus Ortschaften, die einem was bedeuten, weckt das starke sentimentale Gef\u00fchle. Auch ist das Drumherum sehr interessant, denn man bekommt erkl\u00e4rt, wann die Kirche gebaut wurde, was architektonisch besonders ist &#8211; und f\u00fcr meinen Sch\u00fcler offenbar sehr wichtig: Dass man sich in der Pfarre Mariahilf den Augensegen holen kann. (?!? \u00c4\u00e4hm, aha.) Wir haben bereits eine Whatsappgruppe &#8222;Glockenfreunde&#8220; gegr\u00fcndet, in der wir die t\u00e4glichen Mittagslocken er\u00f6rtern und nach Klang und Herrlichkeit &#8211; oder eben dessen Gegenteil &#8211; bewerten.<\/p>\n\n\n\n<h4 class=\"wp-block-heading\">Programm<\/h4>\n\n\n\n<p>Besonders fein ist aber die Programmvielfalt auf diesen Frequenzen. Der Sonntag ist da \u00fcberhaupt herauszustreichen, da leisten die Mitarbeiter der Landesstudios und deren \u00dcbertragungswagen eigentlich die meiste Arbeit: Da werden noch Gottesdienste live aus Kirchen \u00fcbertragen, da gibt es den Fr\u00fchschoppen mit Blasmusikkapellen jeden Sonntag live aus einer anderen Gemeinde oder einem anderen Landesstudio, gleiches gilt auch f\u00fcr die Sendung Radio 4\/4, die jeden Samstag live aus einer anderen Gemeinde in Nieder\u00f6sterreich gesendet wird. Wie das &#8222;neue&#8220; ORF-Fr\u00fchst\u00fccksfernsehen, nur schon seit langer Zeit.<\/p>\n\n\n\n<p>So weit beispielsweise der Fr\u00fchschoppen musikalisch von mir entfernt ist, so sehr fasziniert er mich und bringt mir die ureigene \u00f6sterreichische Kultur n\u00e4her, wenn ich auch die Sendung immer mit einem gewissen Augenzwinkern h\u00f6re.<\/p>\n\n\n\n<p>Der Sonntag wird somit zur Zapporgie im Radio:<br>08 &#8211; 10 WOW mit Robert Steiner und Rolf R\u00fcdiger auf Radio Wien<br>10 &#8211; 11 Ambiente, Reisesendung auf \u00d61<br>11 &#8211; 12 Fr\u00fchschoppen auf Radio Nieder\u00f6sterreich<br>12 &#8211; 13 Quiz auf Radio Nieder\u00f6sterreich<br>13 &#8211; 14 Mittagsjournal und Quiz auf \u00d61<\/p>\n\n\n\n<p>Auch das t\u00e4glich wechselnde Abendprogramm kann sich h\u00f6ren lassen. T\u00e4glich ein anderes Thema: Schlager (sogar aus den 50ern bitte), Volksmusik, Blasmusik, Austropop, Jazz, neue Musik aus Nieder\u00f6sterreich bis hin zur Klassik! Und das beste ist: Um 22 Uhr kommt das ORF Abendjournal in voller L\u00e4nge, ich brauche nicht auf \u00d61 umschalten.<\/p>\n\n\n\n<h4 class=\"wp-block-heading\">Vielfalt, die wo anders fehlt<\/h4>\n\n\n\n<p>Umso mehr wird einem Bewusst, wie viel die Vielfalt eigentlich auf anderen Sendern fehlt. Warum gibt es zB. auf Radio Wien keine Sendung \u00fcber Wiener Lieder? K\u00f6nnte man doch einmal in der Woche abendlich ausstrahlen. <\/p>\n\n\n\n<h4 class=\"wp-block-heading\">\u00d6sterreichische Toleranz<\/h4>\n\n\n\n<p>Radio Nieder\u00f6sterreich versucht irgendwie, das gesamte musikalische Spektrum, das in \u00d6sterreich konsumiert wird, abzudecken. Und das bringt mich eigentlich zu einem sehr sch\u00f6nen Gedanken:<br>Ja, mir gef\u00e4llt es sehr, wenn sie eine alte Elvis-Nummer auflegen, das muss aber wem anderen \u00fcberhaupt nicht gefallen.<br>Genauso gefallen mir aber diese Schlagernummern gr\u00f6\u00dftenteils \u00fcberhaupt nicht, die da \u00fcber den \u00c4ther strahlen. Ich wei\u00df aber, dass das wem anderen gef\u00e4llt, darum toleriere ich das &#8211; und erweitere gleichzeitig meinen Horizont &#8211; wenn auch in eine f\u00fcr mich seltsame Richtung. Gegenseitige Toleranz und R\u00fccksichtnahme at it&#8217;s best sozusagen. Und so ertappe ich mich immer \u00f6fter dabei, wenn mir \u00d63 und alle anderen am Zuz gehen, dass ich umschalte auf den &#8222;Bauernsender&#8220;. Die Musik meines Lebens.<\/p>\n","protected":false},"excerpt":{"rendered":"<p>20.05.2019 &#8211; Wien: Als jemand, der noch die Zeiten von \u00d63 mitbekommen hat, als es sich bei diesem Programm noch um einen Radiosender &#8211; und nicht um eine Sendefl\u00e4che &#8211; handelte, ist man nat\u00fcrlich eher Zuh\u00f6rer als H\u00f6rer. \u00d63 Zickzack hat das Interesse geweckt, FM4 hat mich aufgezogen und in weiterer Folge spielte dann \u00d61 [&hellip;]<\/p>\n","protected":false},"author":1,"featured_media":205,"comment_status":"closed","ping_status":"closed","sticky":false,"template":"","format":"standard","meta":{"jetpack_post_was_ever_published":false,"_jetpack_newsletter_access":"","_jetpack_dont_email_post_to_subs":false,"_jetpack_newsletter_tier_id":0,"_jetpack_memberships_contains_paywalled_content":false,"_jetpack_memberships_contains_paid_content":false,"footnotes":"","jetpack_publicize_message":"","jetpack_publicize_feature_enabled":true,"jetpack_social_post_already_shared":true,"jetpack_social_options":{"image_generator_settings":{"template":"highway","default_image_id":0,"font":"","enabled":false},"version":2}},"categories":[4],"tags":[],"class_list":["post-175","post","type-post","status-publish","format-standard","has-post-thumbnail","hentry","category-medien"],"jetpack_publicize_connections":[],"jetpack_featured_media_url":"https:\/\/sehr.org\/wp-content\/uploads\/2019\/05\/Antenne.jpg","jetpack_sharing_enabled":true,"jetpack_shortlink":"https:\/\/wp.me\/pa4dVd-2P","_links":{"self":[{"href":"https:\/\/sehr.org\/index.php?rest_route=\/wp\/v2\/posts\/175","targetHints":{"allow":["GET"]}}],"collection":[{"href":"https:\/\/sehr.org\/index.php?rest_route=\/wp\/v2\/posts"}],"about":[{"href":"https:\/\/sehr.org\/index.php?rest_route=\/wp\/v2\/types\/post"}],"author":[{"embeddable":true,"href":"https:\/\/sehr.org\/index.php?rest_route=\/wp\/v2\/users\/1"}],"replies":[{"embeddable":true,"href":"https:\/\/sehr.org\/index.php?rest_route=%2Fwp%2Fv2%2Fcomments&post=175"}],"version-history":[{"count":28,"href":"https:\/\/sehr.org\/index.php?rest_route=\/wp\/v2\/posts\/175\/revisions"}],"predecessor-version":[{"id":207,"href":"https:\/\/sehr.org\/index.php?rest_route=\/wp\/v2\/posts\/175\/revisions\/207"}],"wp:featuredmedia":[{"embeddable":true,"href":"https:\/\/sehr.org\/index.php?rest_route=\/wp\/v2\/media\/205"}],"wp:attachment":[{"href":"https:\/\/sehr.org\/index.php?rest_route=%2Fwp%2Fv2%2Fmedia&parent=175"}],"wp:term":[{"taxonomy":"category","embeddable":true,"href":"https:\/\/sehr.org\/index.php?rest_route=%2Fwp%2Fv2%2Fcategories&post=175"},{"taxonomy":"post_tag","embeddable":true,"href":"https:\/\/sehr.org\/index.php?rest_route=%2Fwp%2Fv2%2Ftags&post=175"}],"curies":[{"name":"wp","href":"https:\/\/api.w.org\/{rel}","templated":true}]}}